{"id":619,"date":"2024-06-18T11:41:48","date_gmt":"2024-06-18T09:41:48","guid":{"rendered":"https:\/\/przedszkolecieszyn.diecezjabielsko.pl\/?p=619"},"modified":"2024-06-18T11:42:19","modified_gmt":"2024-06-18T09:42:19","slug":"brazylijska-samba-w-wykonaniu-sloneczek","status":"publish","type":"post","link":"https:\/\/przedszkolecieszyn.diecezjabielsko.pl\/index.php\/2024\/06\/18\/brazylijska-samba-w-wykonaniu-sloneczek\/","title":{"rendered":"&#8222;Brazylijska samba&#8221; w wykonaniu S\u0142oneczek"},"content":{"rendered":"<p>[et_pb_section fb_built=&#8221;1&#8243; theme_builder_area=&#8221;post_content&#8221; _builder_version=&#8221;4.25.1&#8243; _module_preset=&#8221;default&#8221;][et_pb_row _builder_version=&#8221;4.25.1&#8243; _module_preset=&#8221;default&#8221; theme_builder_area=&#8221;post_content&#8221;][et_pb_column _builder_version=&#8221;4.25.1&#8243; _module_preset=&#8221;default&#8221; type=&#8221;4_4&#8243; theme_builder_area=&#8221;post_content&#8221;][et_pb_text _builder_version=&#8221;4.25.1&#8243; _module_preset=&#8221;default&#8221; theme_builder_area=&#8221;post_content&#8221; hover_enabled=&#8221;0&#8243; sticky_enabled=&#8221;0&#8243;]<\/p>\n<p><span>Katolickie Przedszkole im. Dzieci\u0105tka Jezus dzia\u0142a od 2001 roku. <\/span><\/p>\n<p><span>Swoje funkcjonowanie opiera o warto\u015bci chrze\u015bcija\u0144skie i nauki g\u0142oszone przez Jana Paw\u0142a II.<\/span><\/p>\n<p><span>Wi\u0119cej na temat samej plac\u00f3wki mo\u017cna przeczyta\u0107 <\/span><a href=\"https:\/\/www.kp.dziedzictwo.org.pl\/?fbclid=IwZXh0bgNhZW0CMTAAAR0H5jEoicTvxbcMrBl1eQ8w0NYosg4IczkCaNfEdnQAkvjpDDseWoQboHQ_aem_HmbqH5aqR7HxjZJGwdIjzw\">TUTAJ<\/p>\n<p>P<\/a><span>lac\u00f3wka z powodzeniem prowadzi tak\u017ce sw\u00f3j profil Facebookowy\u00a0<\/span><a href=\"https:\/\/www.facebook.com\/profile.php?id=100054526866183\">KLIK<\/p>\n<p>S<\/a><span>erdecznie zapraszamy do zapoznania si\u0119 z ofert\u0105 plac\u00f3wki! Aktualnie trwa rekrutacja!<\/span><\/p>\n<p><span>O szczeg\u00f3\u0142ach mo\u017cna przeczyta\u0107 na stronie Stowarzyszenie Dziedzictwo \u015bw. Jana Sarkandra w Cieszynie <\/span><a href=\"https:\/\/www.kp.dziedzictwo.org.pl\/przedszkole\/aktualnosci\/74-rekrutacja-2024-2025\">TUTAJ<\/a><\/p>\n<p>[\/et_pb_text][et_pb_gallery _builder_version=&#8221;4.25.1&#8243; _module_preset=&#8221;default&#8221; theme_builder_area=&#8221;post_content&#8221; gallery_ids=&#8221;632,631,630,629,628,627,626,625,624,623,622,621&#8243; posts_number=&#8221;12&#8243; show_title_and_caption=&#8221;off&#8221; hover_enabled=&#8221;0&#8243; sticky_enabled=&#8221;0&#8243;][\/et_pb_gallery][\/et_pb_column][\/et_pb_row][\/et_pb_section]<\/p>\n","protected":false},"excerpt":{"rendered":"<p>Katolickie Przedszkole im. Dzieci\u0105tka Jezus dzia\u0142a od 2001 roku. Swoje funkcjonowanie opiera o warto\u015bci chrze\u015bcija\u0144skie i nauki g\u0142oszone przez Jana Paw\u0142a II. Wi\u0119cej na temat samej plac\u00f3wki mo\u017cna przeczyta\u0107 TUTAJ Plac\u00f3wka z powodzeniem prowadzi tak\u017ce sw\u00f3j profil Facebookowy\u00a0KLIK Serdecznie zapraszamy do zapoznania si\u0119 z ofert\u0105 plac\u00f3wki! Aktualnie trwa rekrutacja! O szczeg\u00f3\u0142ach mo\u017cna przeczyta\u0107 na stronie [&hellip;]<\/p>\n","protected":false},"author":2,"featured_media":631,"comment_status":"open","ping_status":"open","sticky":false,"template":"","format":"standard","meta":{"_et_pb_use_builder":"on","_et_pb_old_content":"","_et_gb_content_width":"","footnotes":""},"categories":[4],"tags":[],"class_list":["post-619","post","type-post","status-publish","format-standard","has-post-thumbnail","hentry","category-aktualnosci"],"_links":{"self":[{"href":"https:\/\/przedszkolecieszyn.diecezjabielsko.pl\/index.php\/wp-json\/wp\/v2\/posts\/619","targetHints":{"allow":["GET"]}}],"collection":[{"href":"https:\/\/przedszkolecieszyn.diecezjabielsko.pl\/index.php\/wp-json\/wp\/v2\/posts"}],"about":[{"href":"https:\/\/przedszkolecieszyn.diecezjabielsko.pl\/index.php\/wp-json\/wp\/v2\/types\/post"}],"author":[{"embeddable":true,"href":"https:\/\/przedszkolecieszyn.diecezjabielsko.pl\/index.php\/wp-json\/wp\/v2\/users\/2"}],"replies":[{"embeddable":true,"href":"https:\/\/przedszkolecieszyn.diecezjabielsko.pl\/index.php\/wp-json\/wp\/v2\/comments?post=619"}],"version-history":[{"count":2,"href":"https:\/\/przedszkolecieszyn.diecezjabielsko.pl\/index.php\/wp-json\/wp\/v2\/posts\/619\/revisions"}],"predecessor-version":[{"id":635,"href":"https:\/\/przedszkolecieszyn.diecezjabielsko.pl\/index.php\/wp-json\/wp\/v2\/posts\/619\/revisions\/635"}],"wp:featuredmedia":[{"embeddable":true,"href":"https:\/\/przedszkolecieszyn.diecezjabielsko.pl\/index.php\/wp-json\/wp\/v2\/media\/631"}],"wp:attachment":[{"href":"https:\/\/przedszkolecieszyn.diecezjabielsko.pl\/index.php\/wp-json\/wp\/v2\/media?parent=619"}],"wp:term":[{"taxonomy":"category","embeddable":true,"href":"https:\/\/przedszkolecieszyn.diecezjabielsko.pl\/index.php\/wp-json\/wp\/v2\/categories?post=619"},{"taxonomy":"post_tag","embeddable":true,"href":"https:\/\/przedszkolecieszyn.diecezjabielsko.pl\/index.php\/wp-json\/wp\/v2\/tags?post=619"}],"curies":[{"name":"wp","href":"https:\/\/api.w.org\/{rel}","templated":true}]}}